{"id":16950,"date":"2018-02-12T18:26:48","date_gmt":"2018-02-12T18:26:48","guid":{"rendered":"http:\/\/www.ecofoc.net\/?p=16950"},"modified":"2018-02-12T18:26:48","modified_gmt":"2018-02-12T18:26:48","slug":"arquitectura-i-calefaccio","status":"publish","type":"post","link":"https:\/\/ecofoc.net\/ca\/arquitectura-i-calefaccio\/","title":{"rendered":"Arquitectura i calefacci\u00f3"},"content":{"rendered":"<p>En aquest projecte es tractava de la t\u00edpica casa de poble amb la zona habitada en el primer pis. Se&#8217;ns va demanar de substituir l&#8217;antiga lloar de foc raconera i re aprofitar la sortida de fums per a no afectar la segona planta de la casa.<\/p>\n<p>Era necessari resoldre la fonamentaci\u00f3 de l&#8217;estufa. Situar-la el m\u00e9s c\u00e8ntrica possible de cares al repartiment de la calor i crear una zona c\u00f2mode per estar al voltant del foc.<\/p>\n<p>Vam empotrar l&#8217;estufa en una de las parets mestres de la casa que dividia la zona de la sala d&#8217;estar amb una altre sala distribu\u00efdor de las habitacions i el bany. Deixant un marc buit al voltant de les parets calentes de l&#8217;estufa per deixar sortir el calor. Aquest espai permet la circulaci\u00f3 d&#8217;aire a trav\u00e9s de les dos habitacions ajudant a repartiment del calor en el conjunt de la casa.<\/p>\n<p>Es tracta d&#8217;una soluci\u00f3 arquitect\u00f2nica i amb un gran con atractiu est\u00e8tic. La fa\u00e7ana principal de l&#8217;estufa crea un rac\u00f3 acollidor amb el banc calent i la xemeneia . La zona de reuni\u00f3 per estar prop del foc.<\/p>\n<p>Es una estufa de l\u00ednies rectes i simples. Combina l&#8217;estil de rajol r\u00fastic en obra vista amb la fa\u00e7ana principal i del darrera \u00a0remolinades amb morter de cal\u00e7 en blanc. Suavitzant la seva presencia i integrant-la a l&#8217;espai que l&#8217;envolta.<\/p>\n<p>&nbsp;<\/p>\n","protected":false},"excerpt":{"rendered":"<p>En aquest projecte es tractava de la t\u00edpica casa de poble amb la zona habitada en el primer pis. Se&#8217;ns va demanar de substituir l&#8217;antiga lloar de foc raconera i re aprofitar la sortida de fums per a no afectar la segona planta de la&#8230;<\/p>\n","protected":false},"author":2,"featured_media":16749,"comment_status":"closed","ping_status":"closed","sticky":false,"template":"","format":"standard","meta":{"footnotes":""},"categories":[211],"tags":[],"yst_prominent_words":[],"class_list":["post-16950","post","type-post","status-publish","format-standard","has-post-thumbnail","hentry","category-uncategorized-ca"],"_links":{"self":[{"href":"https:\/\/ecofoc.net\/ca\/wp-json\/wp\/v2\/posts\/16950","targetHints":{"allow":["GET"]}}],"collection":[{"href":"https:\/\/ecofoc.net\/ca\/wp-json\/wp\/v2\/posts"}],"about":[{"href":"https:\/\/ecofoc.net\/ca\/wp-json\/wp\/v2\/types\/post"}],"author":[{"embeddable":true,"href":"https:\/\/ecofoc.net\/ca\/wp-json\/wp\/v2\/users\/2"}],"replies":[{"embeddable":true,"href":"https:\/\/ecofoc.net\/ca\/wp-json\/wp\/v2\/comments?post=16950"}],"version-history":[{"count":1,"href":"https:\/\/ecofoc.net\/ca\/wp-json\/wp\/v2\/posts\/16950\/revisions"}],"predecessor-version":[{"id":16951,"href":"https:\/\/ecofoc.net\/ca\/wp-json\/wp\/v2\/posts\/16950\/revisions\/16951"}],"wp:featuredmedia":[{"embeddable":true,"href":"https:\/\/ecofoc.net\/ca\/wp-json\/wp\/v2\/media\/16749"}],"wp:attachment":[{"href":"https:\/\/ecofoc.net\/ca\/wp-json\/wp\/v2\/media?parent=16950"}],"wp:term":[{"taxonomy":"category","embeddable":true,"href":"https:\/\/ecofoc.net\/ca\/wp-json\/wp\/v2\/categories?post=16950"},{"taxonomy":"post_tag","embeddable":true,"href":"https:\/\/ecofoc.net\/ca\/wp-json\/wp\/v2\/tags?post=16950"},{"taxonomy":"yst_prominent_words","embeddable":true,"href":"https:\/\/ecofoc.net\/ca\/wp-json\/wp\/v2\/yst_prominent_words?post=16950"}],"curies":[{"name":"wp","href":"https:\/\/api.w.org\/{rel}","templated":true}]}}