{"id":16896,"date":"2018-02-12T15:15:31","date_gmt":"2018-02-12T15:15:31","guid":{"rendered":"http:\/\/www.ecofoc.net\/?p=16896"},"modified":"2018-02-12T16:01:15","modified_gmt":"2018-02-12T16:01:15","slug":"calor-radiant-vs-conveccio","status":"publish","type":"post","link":"https:\/\/ecofoc.net\/ca\/calor-radiant-vs-conveccio\/","title":{"rendered":"Calor radiant vs convecci\u00f3"},"content":{"rendered":"<p>El confort t\u00e8rmic no nom\u00e9s dep\u00e8n de la temperatura de l&#8217;aire. La calor radiant ens ofereix les millors condicions de calor. Funciona como la llum del sol de manera que nos escalfa independentment de la temperatura de l&#8217;aire. La calor es transmet per radiaci\u00f3 a trav\u00e9s d&#8217;ones d&#8217;infrarrojos.<\/p>\n<p>L&#8217;estufa irradia constantment calor als cossos s\u00f2lids del seu voltant, escalfant la seva superf\u00edcie i creant una in\u00e8rcia t\u00e8rmica a l&#8217;interior de la casa. Aquesta in\u00e8rcia permet aconseguir major estabilitat de la temperatura al llarg del dia aix\u00ed com un repartiment m\u00e9s homogeni de la calor. Una sensaci\u00f3 de calor ambiental&#8230; m\u00e9s agradable.<\/p>\n<p>L&#8217;aire no circula de forma tan for\u00e7ada i per tant genera menys pols. A difer\u00e8ncia dels radiadors met\u00e0l\u00b7lics, els materials cer\u00e0mics de les nostres estufes transmeten la calor sense alterar la c\u00e0rrega d &#8216;ions positius de l&#8217;aire i respectant el grau d&#8217;humitat ambiental \u00f2ptim per a la nostra sensaci\u00f3 de benestar. Al no assecar l&#8217;aire no es ressequen les vies respirat\u00f2ries i al ser l&#8217;aire de millor qualitat, respirem millor.<\/p>\n<p>El nostre cos experimenta la calor radiant d&#8217;una forma sana i natural. Sovint es t\u00e9 la sensaci\u00f3 d&#8217;estar a temperatures superiores ja que rebem la calor directament als ossos.<\/p>\n<p><img loading=\"lazy\" decoding=\"async\" class=\"wp-image-16915 alignleft\" src=\"http:\/\/www.ecofoc.net\/wp-content\/uploads\/2018\/02\/grafics3.jpg\" alt=\"\" width=\"381\" height=\"352\" srcset=\"https:\/\/ecofoc.net\/wp-content\/uploads\/2018\/02\/grafics3.jpg 710w, https:\/\/ecofoc.net\/wp-content\/uploads\/2018\/02\/grafics3-300x277.jpg 300w, https:\/\/ecofoc.net\/wp-content\/uploads\/2018\/02\/grafics3-700x647.jpg 700w\" sizes=\"auto, (max-width: 381px) 100vw, 381px\" \/>La majoria de sistemes de calefacci\u00f3 funcionen por convecci\u00f3. Escalfant directament l&#8217;aire de l&#8217;interior de la casa a trav\u00e9s de radiadors met\u00e0l\u00b7lics. L&#8217;aire quan entra en contacte amb la superf\u00edcie calenta del radiador,s&#8217;escalfa, per densitat i puja. For\u00e7ant la circulaci\u00f3 d&#8217;aire m\u00e9s fred cap a la font de calor.<\/p>\n<p>La resposta por convecci\u00f3 es r\u00e0pida per\u00f2 t\u00e9 algunes desavantatges importants respecte a la efici\u00e8ncia, el confort \u00a0la qualitat del l&#8217;aire de l&#8217;interior de la casa.<\/p>\n<p>L&#8217;aire s&#8217;ordena per capes de temperatura creant aix\u00ed grans difer\u00e8ncies t\u00e8rmiques entre el terra i el sostre. Quan el nostre cos detecta aquestes difer\u00e8ncies reacciona tancant els vasos sanguinis de la pell reduint el flux de circulaci\u00f3 de la sang per evitar la p\u00e8rdua de calor.<\/p>\n<p>D&#8217;aquesta manera apareix sovint la sensaci\u00f3 de &#8220;peus freds&#8221;.<\/p>\n<p>La circulaci\u00f3 d&#8217;aire for\u00e7ada genera corrents i aquestes produeixen m\u00e9s pols.<\/p>\n<p>L&#8217;aire quan entra en contacte amb una superf\u00edcie met\u00e0l\u00b7lica calenta, per una banda es resseca i per l&#8217;altre es carrega d&#8217; ions positius.<\/p>\n<p>La pols que transporta l&#8217;aire, invisible a l&#8217;ull hum\u00e0, es crema a l&#8217;interior de la casa reduint la qualitat de l&#8217;aire ambiental. Aquest fenomen s&#8217;acaba fent visible amb el tempos quan apareixen les t\u00edpiques taques de fum a sobre dels radiadors met\u00e0l\u00b7lics. Aquesta es la causa, moltes vegades desconeguda, de moltes malalties respirat\u00f2ries relacionades amb els sistemes de calefacci\u00f3 com alguns tipus d&#8217;asma.<\/p>\n<p>&nbsp;<\/p>\n<p>&nbsp;<\/p>\n","protected":false},"excerpt":{"rendered":"<p>El confort t\u00e8rmic no nom\u00e9s dep\u00e8n de la temperatura de l&#8217;aire. La calor radiant ens ofereix les millors condicions de calor. Funciona como la llum del sol de manera que nos escalfa independentment de la temperatura de l&#8217;aire. La calor es transmet per radiaci\u00f3 a&#8230;<\/p>\n","protected":false},"author":2,"featured_media":16913,"comment_status":"closed","ping_status":"closed","sticky":false,"template":"","format":"standard","meta":{"footnotes":""},"categories":[211],"tags":[],"yst_prominent_words":[],"class_list":["post-16896","post","type-post","status-publish","format-standard","has-post-thumbnail","hentry","category-uncategorized-ca"],"_links":{"self":[{"href":"https:\/\/ecofoc.net\/ca\/wp-json\/wp\/v2\/posts\/16896","targetHints":{"allow":["GET"]}}],"collection":[{"href":"https:\/\/ecofoc.net\/ca\/wp-json\/wp\/v2\/posts"}],"about":[{"href":"https:\/\/ecofoc.net\/ca\/wp-json\/wp\/v2\/types\/post"}],"author":[{"embeddable":true,"href":"https:\/\/ecofoc.net\/ca\/wp-json\/wp\/v2\/users\/2"}],"replies":[{"embeddable":true,"href":"https:\/\/ecofoc.net\/ca\/wp-json\/wp\/v2\/comments?post=16896"}],"version-history":[{"count":5,"href":"https:\/\/ecofoc.net\/ca\/wp-json\/wp\/v2\/posts\/16896\/revisions"}],"predecessor-version":[{"id":16920,"href":"https:\/\/ecofoc.net\/ca\/wp-json\/wp\/v2\/posts\/16896\/revisions\/16920"}],"wp:featuredmedia":[{"embeddable":true,"href":"https:\/\/ecofoc.net\/ca\/wp-json\/wp\/v2\/media\/16913"}],"wp:attachment":[{"href":"https:\/\/ecofoc.net\/ca\/wp-json\/wp\/v2\/media?parent=16896"}],"wp:term":[{"taxonomy":"category","embeddable":true,"href":"https:\/\/ecofoc.net\/ca\/wp-json\/wp\/v2\/categories?post=16896"},{"taxonomy":"post_tag","embeddable":true,"href":"https:\/\/ecofoc.net\/ca\/wp-json\/wp\/v2\/tags?post=16896"},{"taxonomy":"yst_prominent_words","embeddable":true,"href":"https:\/\/ecofoc.net\/ca\/wp-json\/wp\/v2\/yst_prominent_words?post=16896"}],"curies":[{"name":"wp","href":"https:\/\/api.w.org\/{rel}","templated":true}]}}